{"id":811,"date":"2025-04-02T15:04:55","date_gmt":"2025-04-02T13:04:55","guid":{"rendered":"https:\/\/dev.elitejet.de\/?p=811"},"modified":"2026-02-26T16:44:18","modified_gmt":"2026-02-26T15:44:18","slug":"vitalij-michael-und-kevin-willkommen-in-unserem-team","status":"publish","type":"post","link":"https:\/\/elitejet.de\/de\/vitalij-michael-and-kevin-welcome-to-our-team\/","title":{"rendered":"Vitalij, Michael und Kevin \u2013 herzlich willkommen in unserem Team!"},"content":{"rendered":"<p class=\"wp-block-paragraph\">Wir freuen uns, unsere neuen Mechaniken vorzustellen!<\/p>\n\n\n\n<p class=\"wp-block-paragraph\">Vitalij wird als pr\u00fcfberechtigtes Personal der Kategorie B1.1 zu uns sto\u00dfen, Michael als CAT B1\/C und Kevin als B1.1. Dar\u00fcber hinaus wird Michael die Leitung unserer Ausbildungsabteilung \u00fcbernehmen.<\/p>\n\n\n\n<p class=\"wp-block-paragraph\">Sch\u00f6n, dass Sie an Bord sind! \u2708\ufe0f<\/p>\n\n\n\n<p class=\"wp-block-paragraph\"><\/p>","protected":false},"excerpt":{"rendered":"<p>Wir freuen uns, unsere neuen Mechaniker vorzustellen! Vitalij wird unser Team als CAT B1.1 Freigabepersonal verst\u00e4rken, Michael als CAT B1\/C und Kevin als B1.1. Dar\u00fcber hinaus \u00fcbernimmt Michael die Leitung unserer Ausbildungsabteilung. Sch\u00f6n, dass ihr an Bord seid! \u2708\ufe0f<\/p>","protected":false},"author":2,"featured_media":812,"comment_status":"closed","ping_status":"closed","sticky":false,"template":"","format":"standard","meta":{"footnotes":""},"tags":[],"class_list":["post-811","post","type-post","status-publish","format-standard","has-post-thumbnail","hentry","category-news"],"_links":{"self":[{"href":"https:\/\/elitejet.de\/de\/wp-json\/wp\/v2\/posts\/811","targetHints":{"allow":["GET"]}}],"collection":[{"href":"https:\/\/elitejet.de\/de\/wp-json\/wp\/v2\/posts"}],"about":[{"href":"https:\/\/elitejet.de\/de\/wp-json\/wp\/v2\/types\/post"}],"author":[{"embeddable":true,"href":"https:\/\/elitejet.de\/de\/wp-json\/wp\/v2\/users\/2"}],"replies":[{"embeddable":true,"href":"https:\/\/elitejet.de\/de\/wp-json\/wp\/v2\/comments?post=811"}],"version-history":[{"count":1,"href":"https:\/\/elitejet.de\/de\/wp-json\/wp\/v2\/posts\/811\/revisions"}],"predecessor-version":[{"id":813,"href":"https:\/\/elitejet.de\/de\/wp-json\/wp\/v2\/posts\/811\/revisions\/813"}],"wp:featuredmedia":[{"embeddable":true,"href":"https:\/\/elitejet.de\/de\/wp-json\/wp\/v2\/media\/812"}],"wp:attachment":[{"href":"https:\/\/elitejet.de\/de\/wp-json\/wp\/v2\/media?parent=811"}],"wp:term":[{"taxonomy":"post_tag","embeddable":true,"href":"https:\/\/elitejet.de\/de\/wp-json\/wp\/v2\/tags?post=811"}],"curies":[{"name":"wp","href":"https:\/\/api.w.org\/{rel}","templated":true}]}}